{"id":263,"date":"2010-06-06T14:08:24","date_gmt":"2010-06-06T14:08:24","guid":{"rendered":"http:\/\/www.my-webserver.net\/wordpress\/?p=263"},"modified":"2010-06-06T14:08:24","modified_gmt":"2010-06-06T14:08:24","slug":"sommerlicher-spielbetrieb","status":"publish","type":"post","link":"https:\/\/sw-neukoelln.de\/?p=263","title":{"rendered":"Sommerlicher Spielbetrieb"},"content":{"rendered":"<div>\n<p>Der Schachverein wird diesen Sommer nicht wie \u00fcblich schlie\u00dfen, sondern f\u00fcr freien Spielbetrieb ge\u00f6ffnet bleiben.<\/p>\n<p>mfg<\/p>\n<\/div>\n","protected":false},"excerpt":{"rendered":"<p>Der Schachverein wird diesen Sommer nicht wie \u00fcblich schlie\u00dfen, sondern f\u00fcr freien Spielbetrieb ge\u00f6ffnet bleiben. mfg<\/p>\n","protected":false},"author":3,"featured_media":0,"comment_status":"closed","ping_status":"closed","sticky":false,"template":"","format":"standard","meta":{"footnotes":""},"categories":[1],"tags":[],"class_list":["post-263","post","type-post","status-publish","format-standard","hentry","category-allgemein"],"_links":{"self":[{"href":"https:\/\/sw-neukoelln.de\/index.php?rest_route=\/wp\/v2\/posts\/263","targetHints":{"allow":["GET"]}}],"collection":[{"href":"https:\/\/sw-neukoelln.de\/index.php?rest_route=\/wp\/v2\/posts"}],"about":[{"href":"https:\/\/sw-neukoelln.de\/index.php?rest_route=\/wp\/v2\/types\/post"}],"author":[{"embeddable":true,"href":"https:\/\/sw-neukoelln.de\/index.php?rest_route=\/wp\/v2\/users\/3"}],"replies":[{"embeddable":true,"href":"https:\/\/sw-neukoelln.de\/index.php?rest_route=%2Fwp%2Fv2%2Fcomments&post=263"}],"version-history":[{"count":0,"href":"https:\/\/sw-neukoelln.de\/index.php?rest_route=\/wp\/v2\/posts\/263\/revisions"}],"wp:attachment":[{"href":"https:\/\/sw-neukoelln.de\/index.php?rest_route=%2Fwp%2Fv2%2Fmedia&parent=263"}],"wp:term":[{"taxonomy":"category","embeddable":true,"href":"https:\/\/sw-neukoelln.de\/index.php?rest_route=%2Fwp%2Fv2%2Fcategories&post=263"},{"taxonomy":"post_tag","embeddable":true,"href":"https:\/\/sw-neukoelln.de\/index.php?rest_route=%2Fwp%2Fv2%2Ftags&post=263"}],"curies":[{"name":"wp","href":"https:\/\/api.w.org\/{rel}","templated":true}]}}